{"id":226,"date":"2020-03-31T08:27:55","date_gmt":"2020-03-31T08:27:55","guid":{"rendered":"http:\/\/www.politicienmr.com\/fr\/?p=226"},"modified":"2020-03-31T08:34:44","modified_gmt":"2020-03-31T08:34:44","slug":"le-depute-de-kaedi-hostile-a-la-levee-du-bouclage-de-toulde","status":"publish","type":"post","link":"http:\/\/www.politicienmr.com\/fr\/actualites\/le-depute-de-kaedi-hostile-a-la-levee-du-bouclage-de-toulde\/","title":{"rendered":"Le d\u00e9put\u00e9 de Ka\u00e9di hostile \u00e0 la lev\u00e9e du bouclage de Tould\u00e9"},"content":{"rendered":"<p> Les autorit\u00e9s administratives et s\u00e9curitaires de la ville de Ka\u00e9di ont lev\u00e9 le lundi soir, 30 mars courant, le confinement impos\u00e9 au quartier Tould\u00e9, dans lequel r\u00e9sidait le citoyen contamin\u00e9 au Coronavirus et plac\u00e9 en quarantaine samedi pass\u00e9.<\/p>\n<p>R\u00e9agissant \u00e0 cette mesure, le d\u00e9put\u00e9 de Ka\u00e9di Baba Ould Benboutt a critiqu\u00e9 la lev\u00e9e du bouclage du quartier Tould\u00e9, la qualifiant de d\u00e9cision irr\u00e9fl\u00e9chie dans le contexte actuel.<\/p>\n<p>Il estime qu\u2019il \u00e9tait plus appropri\u00e9 de satisfaire les besoins des habitants de Tould\u00e9, notamment en produits alimentaires jusqu\u2019\u00e0 la fin de la p\u00e9riode de confinement sanitaire<\/p>\n","protected":false},"excerpt":{"rendered":"<p>Les autorit\u00e9s administratives et s\u00e9curitaires de la ville de Ka\u00e9di ont lev\u00e9 le lundi soir, 30 mars courant, le confinement impos\u00e9 au quartier Tould\u00e9, dans lequel r\u00e9sidait le citoyen contamin\u00e9 au Coronavirus et plac\u00e9 en quarantaine samedi pass\u00e9. R\u00e9agissant \u00e0 cette mesure, le d\u00e9put\u00e9 de Ka\u00e9di Baba Ould Benboutt a critiqu\u00e9 la lev\u00e9e du bouclage &hellip;<\/p>\n","protected":false},"author":3,"featured_media":227,"comment_status":"open","ping_status":"open","sticky":false,"template":"","format":"standard","meta":[],"categories":[2],"tags":[58],"jetpack_featured_media_url":"http:\/\/www.politicienmr.com\/fr\/wp-content\/uploads\/2020\/03\/kaedi_coronavirus_740x405.jpg","_links":{"self":[{"href":"http:\/\/www.politicienmr.com\/fr\/wp-json\/wp\/v2\/posts\/226"}],"collection":[{"href":"http:\/\/www.politicienmr.com\/fr\/wp-json\/wp\/v2\/posts"}],"about":[{"href":"http:\/\/www.politicienmr.com\/fr\/wp-json\/wp\/v2\/types\/post"}],"author":[{"embeddable":true,"href":"http:\/\/www.politicienmr.com\/fr\/wp-json\/wp\/v2\/users\/3"}],"replies":[{"embeddable":true,"href":"http:\/\/www.politicienmr.com\/fr\/wp-json\/wp\/v2\/comments?post=226"}],"version-history":[{"count":1,"href":"http:\/\/www.politicienmr.com\/fr\/wp-json\/wp\/v2\/posts\/226\/revisions"}],"predecessor-version":[{"id":228,"href":"http:\/\/www.politicienmr.com\/fr\/wp-json\/wp\/v2\/posts\/226\/revisions\/228"}],"wp:featuredmedia":[{"embeddable":true,"href":"http:\/\/www.politicienmr.com\/fr\/wp-json\/wp\/v2\/media\/227"}],"wp:attachment":[{"href":"http:\/\/www.politicienmr.com\/fr\/wp-json\/wp\/v2\/media?parent=226"}],"wp:term":[{"taxonomy":"category","embeddable":true,"href":"http:\/\/www.politicienmr.com\/fr\/wp-json\/wp\/v2\/categories?post=226"},{"taxonomy":"post_tag","embeddable":true,"href":"http:\/\/www.politicienmr.com\/fr\/wp-json\/wp\/v2\/tags?post=226"}],"curies":[{"name":"wp","href":"https:\/\/api.w.org\/{rel}","templated":true}]}}