{"id":544,"date":"2022-03-08T14:11:37","date_gmt":"2022-03-08T14:11:37","guid":{"rendered":"http:\/\/www.politicienmr.com\/fr\/?p=544"},"modified":"2022-03-08T14:11:37","modified_gmt":"2022-03-08T14:11:37","slug":"refugies-ukrainiens-londres-en-train-dinstaller-en-france-un-2e-centre-de-demande-de-visas","status":"publish","type":"post","link":"http:\/\/www.politicienmr.com\/fr\/actualites\/refugies-ukrainiens-londres-en-train-dinstaller-en-france-un-2e-centre-de-demande-de-visas\/","title":{"rendered":"R\u00e9fugi\u00e9s ukrainiens : Londres en train d&rsquo;installer en France un 2e centre de demande de visas"},"content":{"rendered":"<p>Le gouvernement britannique a annonc\u00e9 mardi 8 mars que l&rsquo;\u00e9tablissement d&rsquo;un deuxi\u00e8me centre de demande de visas pour les r\u00e9fugi\u00e9s ukrainiens \u00e9tait en cours dans le nord de la France, mais que celui-ci n&rsquo;\u00e9tait pas encore ouvert.<\/p>\n<p>Selon un porte-parole du premier ministre Boris Johnson, il sera install\u00e9 \u00abdans les jours qui viennent\u00bb. Devant le Parlement, la ministre britannique des Affaires \u00e9trang\u00e8res Liz Truss a \u00e9voqu\u00e9 un site \u00e0 Lille (nord de la France), \u00e0 une centaine de kilom\u00e8tres au sud du port de Calais. \u00abNous sommes en train d&rsquo;\u00e9tablir un deuxi\u00e8me centre de demande de visa en France\u00bb, qui fonctionnera \u00abuniquement sur recommandation\u00bb de la police britannique aux fronti\u00e8res pour soutenir les Ukrainiens, a d\u00e9clar\u00e9 un porte-parole du gouvernement, sur fond de pol\u00e9mique et de messages brouill\u00e9s, alors que des centaines d&rsquo;Ukrainiens sont arriv\u00e9s \u00e0 Calais ces derniers jours, esp\u00e9rant pouvoir rejoindre le Royaume-Uni.<\/p>\n<p>\u00abLe principal centre de demande de visas restera \u00e0 Paris\u00bb, a pr\u00e9cis\u00e9 le porte-parole. \u00ab\u00c0 ce stade\u00bb, les demandes se font toujours \u00e0 Paris ou Bruxelles, ont confirm\u00e9 les autorit\u00e9s fran\u00e7aises locales (la pr\u00e9fecture du Pas-de Calais) contact\u00e9es par l&rsquo;AFP.<\/p>\n<p>Un centre pr\u00e8s de Calais<br \/>\nLundi devant le Parlement, la ministre britannique de l&rsquo;Int\u00e9rieur, Priti Patel, avait affirm\u00e9 que Londres avait install\u00e9 un centre pour les visas pr\u00e8s de Calais. \u00abJe peux confirmer que nous avons install\u00e9 un centre de demande de visas sur la route de Calais, mais loin du port\u00bb pour \u00e9viter de cr\u00e9er des \u00abgoulots d&rsquo;\u00e9tranglement\u00bb, avait-elle indiqu\u00e9. Puis, press\u00e9e par la d\u00e9put\u00e9e d&rsquo;opposition Yvette Cooper, qui s&rsquo;inqui\u00e9tait de savoir comment les r\u00e9fugi\u00e9s ukrainiens pourraient trouver ce centre si la ministre elle-m\u00eame n&rsquo;\u00e9tait pas en mesure d&rsquo;indiquer o\u00f9 il se trouve, Priti Patel a contredit ses propres d\u00e9clarations. Elle a accus\u00e9 la d\u00e9put\u00e9e travailliste de ne pas avoir \u00abentendu\u00bb ce qu&rsquo;elle avait dit plus t\u00f4t : \u00abJ&rsquo;ai dit que je pouvais confirmer que nous sommes en train d&rsquo;\u00e9tablir un autre\u00bb centre, \u00abj&rsquo;ai \u00e9t\u00e9 tr\u00e8s claire\u00bb<\/p>\n","protected":false},"excerpt":{"rendered":"<p>Le gouvernement britannique a annonc\u00e9 mardi 8 mars que l&rsquo;\u00e9tablissement d&rsquo;un deuxi\u00e8me centre de demande de visas pour les r\u00e9fugi\u00e9s ukrainiens \u00e9tait en cours dans le nord de la France, mais que celui-ci n&rsquo;\u00e9tait pas encore ouvert. Selon un porte-parole du premier ministre Boris Johnson, il sera install\u00e9 \u00abdans les jours qui viennent\u00bb. Devant le &hellip;<\/p>\n","protected":false},"author":3,"featured_media":0,"comment_status":"open","ping_status":"open","sticky":false,"template":"","format":"standard","meta":[],"categories":[2],"tags":[],"jetpack_featured_media_url":"","_links":{"self":[{"href":"http:\/\/www.politicienmr.com\/fr\/wp-json\/wp\/v2\/posts\/544"}],"collection":[{"href":"http:\/\/www.politicienmr.com\/fr\/wp-json\/wp\/v2\/posts"}],"about":[{"href":"http:\/\/www.politicienmr.com\/fr\/wp-json\/wp\/v2\/types\/post"}],"author":[{"embeddable":true,"href":"http:\/\/www.politicienmr.com\/fr\/wp-json\/wp\/v2\/users\/3"}],"replies":[{"embeddable":true,"href":"http:\/\/www.politicienmr.com\/fr\/wp-json\/wp\/v2\/comments?post=544"}],"version-history":[{"count":1,"href":"http:\/\/www.politicienmr.com\/fr\/wp-json\/wp\/v2\/posts\/544\/revisions"}],"predecessor-version":[{"id":545,"href":"http:\/\/www.politicienmr.com\/fr\/wp-json\/wp\/v2\/posts\/544\/revisions\/545"}],"wp:attachment":[{"href":"http:\/\/www.politicienmr.com\/fr\/wp-json\/wp\/v2\/media?parent=544"}],"wp:term":[{"taxonomy":"category","embeddable":true,"href":"http:\/\/www.politicienmr.com\/fr\/wp-json\/wp\/v2\/categories?post=544"},{"taxonomy":"post_tag","embeddable":true,"href":"http:\/\/www.politicienmr.com\/fr\/wp-json\/wp\/v2\/tags?post=544"}],"curies":[{"name":"wp","href":"https:\/\/api.w.org\/{rel}","templated":true}]}}