{"id":579,"date":"2022-05-09T20:38:55","date_gmt":"2022-05-09T20:38:55","guid":{"rendered":"http:\/\/www.politicienmr.com\/fr\/?p=579"},"modified":"2022-05-09T20:38:55","modified_gmt":"2022-05-09T20:38:55","slug":"photos-un-bus-de-la-societe-sonef-prend-feu-sur-la-route-de-lespoir","status":"publish","type":"post","link":"http:\/\/www.politicienmr.com\/fr\/actualites\/photos-un-bus-de-la-societe-sonef-prend-feu-sur-la-route-de-lespoir\/","title":{"rendered":"Photos : Un bus de la soci\u00e9t\u00e9 SONEF prend feu sur la route de l\u2019espoir"},"content":{"rendered":"<p>Un bus appartenant \u00e0 la soci\u00e9t\u00e9 de transport interurbain SONEF a pris feu au cours de l\u2019une de ses navettes sur la route de l\u2019Espoir.<\/p>\n<p>Le drame a eu lieu pr\u00e8s de Maghtalahjar, relevant de la wilaya du Brakna.<\/p>\n<p>Aucune perte humaine n\u2019a \u00e9t\u00e9 cependant d\u00e9plor\u00e9, apprend-on.<\/p>\n<p>Les bagages et les colis ont \u00e9t\u00e9 \u00e9galement extraits du bus avant d\u2019\u00eatre atteint par les flammes<\/p>\n<p>Les raisons de l&rsquo;incendie du bus n\u2019ont pas encore \u00e9t\u00e9 identifi\u00e9es<\/p>\n","protected":false},"excerpt":{"rendered":"<p>Un bus appartenant \u00e0 la soci\u00e9t\u00e9 de transport interurbain SONEF a pris feu au cours de l\u2019une de ses navettes sur la route de l\u2019Espoir. Le drame a eu lieu pr\u00e8s de Maghtalahjar, relevant de la wilaya du Brakna. Aucune perte humaine n\u2019a \u00e9t\u00e9 cependant d\u00e9plor\u00e9, apprend-on. Les bagages et les colis ont \u00e9t\u00e9 \u00e9galement &hellip;<\/p>\n","protected":false},"author":3,"featured_media":0,"comment_status":"open","ping_status":"open","sticky":false,"template":"","format":"standard","meta":[],"categories":[2],"tags":[],"jetpack_featured_media_url":"","_links":{"self":[{"href":"http:\/\/www.politicienmr.com\/fr\/wp-json\/wp\/v2\/posts\/579"}],"collection":[{"href":"http:\/\/www.politicienmr.com\/fr\/wp-json\/wp\/v2\/posts"}],"about":[{"href":"http:\/\/www.politicienmr.com\/fr\/wp-json\/wp\/v2\/types\/post"}],"author":[{"embeddable":true,"href":"http:\/\/www.politicienmr.com\/fr\/wp-json\/wp\/v2\/users\/3"}],"replies":[{"embeddable":true,"href":"http:\/\/www.politicienmr.com\/fr\/wp-json\/wp\/v2\/comments?post=579"}],"version-history":[{"count":1,"href":"http:\/\/www.politicienmr.com\/fr\/wp-json\/wp\/v2\/posts\/579\/revisions"}],"predecessor-version":[{"id":581,"href":"http:\/\/www.politicienmr.com\/fr\/wp-json\/wp\/v2\/posts\/579\/revisions\/581"}],"wp:attachment":[{"href":"http:\/\/www.politicienmr.com\/fr\/wp-json\/wp\/v2\/media?parent=579"}],"wp:term":[{"taxonomy":"category","embeddable":true,"href":"http:\/\/www.politicienmr.com\/fr\/wp-json\/wp\/v2\/categories?post=579"},{"taxonomy":"post_tag","embeddable":true,"href":"http:\/\/www.politicienmr.com\/fr\/wp-json\/wp\/v2\/tags?post=579"}],"curies":[{"name":"wp","href":"https:\/\/api.w.org\/{rel}","templated":true}]}}