{"id":852,"date":"2026-01-23T14:34:13","date_gmt":"2026-01-23T14:34:13","guid":{"rendered":"http:\/\/www.politicienmr.com\/fr\/?p=852"},"modified":"2026-01-23T14:35:55","modified_gmt":"2026-01-23T14:35:55","slug":"852","status":"publish","type":"post","link":"http:\/\/www.politicienmr.com\/fr\/uncategorized\/852\/","title":{"rendered":"Akjoujt : le Pr\u00e9sident de la R\u00e9gion de l\u2019Inchiri pr\u00e9sente un bilan de d\u00e9veloppement satisfaisant lors d\u2019une visite du Wali"},"content":{"rendered":"<p>Akjoujt : le Pr\u00e9sident de la R\u00e9gion de l\u2019Inchiri pr\u00e9sente un bilan de d\u00e9veloppement satisfaisant lors d\u2019une visite du Wali<\/p>\n<p><img loading=\"lazy\" src=\"http:\/\/www.politicienmr.com\/fr\/wp-content\/uploads\/2026\/01\/IMG-20260123-WA0103-225x300.jpg\" alt=\"\" width=\"225\" height=\"300\" class=\"alignnone size-medium wp-image-855\" srcset=\"http:\/\/www.politicienmr.com\/fr\/wp-content\/uploads\/2026\/01\/IMG-20260123-WA0103-225x300.jpg 225w, http:\/\/www.politicienmr.com\/fr\/wp-content\/uploads\/2026\/01\/IMG-20260123-WA0103-768x1024.jpg 768w, http:\/\/www.politicienmr.com\/fr\/wp-content\/uploads\/2026\/01\/IMG-20260123-WA0103.jpg 810w\" sizes=\"(max-width: 225px) 100vw, 225px\" \/><br \/>\nLe Wali de l\u2019Inchiri, l\u2019ing\u00e9nieur Moulay Idriss Ould Akik, a effectu\u00e9 ce matin une visite d\u2019information et d\u2019inspection \u00e0 la R\u00e9gion de l\u2019Inchiri, dans le cadre du suivi du d\u00e9roulement des travaux et de l\u2019\u00e9valuation du niveau d\u2019ex\u00e9cution des programmes de d\u00e9veloppement au niveau de la wilaya.<br \/>\n\u00c0 son arriv\u00e9e au si\u00e8ge de la R\u00e9gion, le Wali et la d\u00e9l\u00e9gation qui l\u2019accompagnait ont \u00e9t\u00e9 accueillis par le Pr\u00e9sident du Conseil r\u00e9gional de l\u2019Inchiri, Monsieur Cheikh Ma\u00e2 El A\u00efnine Obeidi El Gharabi, entour\u00e9 de ses collaborateurs et cadres r\u00e9gionaux.<br \/>\nLa visite a inclus une tourn\u00e9e \u00e0 l\u2019int\u00e9rieur des locaux de la R\u00e9gion, au cours de laquelle le Pr\u00e9sident de la R\u00e9gion a pr\u00e9sent\u00e9 des expos\u00e9s d\u00e9taill\u00e9s sur le fonctionnement des services et directions relevant du Conseil r\u00e9gional, mettant en lumi\u00e8re le r\u00f4le central de la R\u00e9gion dans la promotion du d\u00e9veloppement local. Il a \u00e9galement pass\u00e9 en revue les programmes futurs ainsi que les projets r\u00e9alis\u00e9s visant \u00e0 am\u00e9liorer les conditions de vie des populations, \u00e0 renforcer l\u2019acc\u00e8s aux services de base et \u00e0 rapprocher l\u2019administration du citoyen.<br \/>\nDans ce contexte, le Pr\u00e9sident de la R\u00e9gion a pr\u00e9sent\u00e9 le bilan du Conseil r\u00e9gional au cours de deux ans et demi de mandat, soulignant que le taux d\u2019ex\u00e9cution du plan r\u00e9gional de d\u00e9veloppement a atteint 62 %, ce qui refl\u00e8te l\u2019efficacit\u00e9 de la planification, la bonne gouvernance et le respect des priorit\u00e9s du d\u00e9veloppement local.<br \/>\nDe son c\u00f4t\u00e9, le Wali de l\u2019Inchiri a salu\u00e9 cette performance, appelant \u00e0 poursuivre les efforts avec la m\u00eame dynamique, \u00e0 renforcer la discipline dans le travail et \u00e0 am\u00e9liorer la qualit\u00e9 des services offerts aux citoyens, tout en veillant au respect des d\u00e9lais de r\u00e9alisation des projets, conform\u00e9ment aux programmes et orientations de Son Excellence le Pr\u00e9sident de la R\u00e9publique, Monsieur Mohamed Ould Cheikh El Ghazouani.<br \/>\nEn conclusion de la visite, le Wali a appr\u00e9ci\u00e9 le climat de coop\u00e9ration et de coordination entre les autorit\u00e9s administratives et les \u00e9lus locaux, r\u00e9affirmant l\u2019ouverture de l\u2019administration et sa disponibilit\u00e9 permanente \u00e0 \u0153uvrer conjointement au service de l\u2019int\u00e9r\u00eat g\u00e9n\u00e9ral et du d\u00e9veloppement local.<br \/>\nIl convient de rappeler que le Wali \u00e9tait accompagn\u00e9 lors de cette visite par le Hakem de la Moughataa d\u2019Akjoujt, le Maire de la commune, les autorit\u00e9s administratives et s\u00e9curitaires, ainsi que les chefs des services r\u00e9gionaux concern\u00e9s.<\/p>\n","protected":false},"excerpt":{"rendered":"<p>Akjoujt : le Pr\u00e9sident de la R\u00e9gion de l\u2019Inchiri pr\u00e9sente un bilan de d\u00e9veloppement satisfaisant lors d\u2019une visite du Wali Le Wali de l\u2019Inchiri, l\u2019ing\u00e9nieur Moulay Idriss Ould Akik, a effectu\u00e9 ce matin une visite d\u2019information et d\u2019inspection \u00e0 la R\u00e9gion de l\u2019Inchiri, dans le cadre du suivi du d\u00e9roulement des travaux et de l\u2019\u00e9valuation &hellip;<\/p>\n","protected":false},"author":3,"featured_media":853,"comment_status":"open","ping_status":"open","sticky":false,"template":"","format":"standard","meta":[],"categories":[1],"tags":[],"jetpack_featured_media_url":"http:\/\/www.politicienmr.com\/fr\/wp-content\/uploads\/2026\/01\/IMG-20260123-WA0099.jpg","_links":{"self":[{"href":"http:\/\/www.politicienmr.com\/fr\/wp-json\/wp\/v2\/posts\/852"}],"collection":[{"href":"http:\/\/www.politicienmr.com\/fr\/wp-json\/wp\/v2\/posts"}],"about":[{"href":"http:\/\/www.politicienmr.com\/fr\/wp-json\/wp\/v2\/types\/post"}],"author":[{"embeddable":true,"href":"http:\/\/www.politicienmr.com\/fr\/wp-json\/wp\/v2\/users\/3"}],"replies":[{"embeddable":true,"href":"http:\/\/www.politicienmr.com\/fr\/wp-json\/wp\/v2\/comments?post=852"}],"version-history":[{"count":3,"href":"http:\/\/www.politicienmr.com\/fr\/wp-json\/wp\/v2\/posts\/852\/revisions"}],"predecessor-version":[{"id":857,"href":"http:\/\/www.politicienmr.com\/fr\/wp-json\/wp\/v2\/posts\/852\/revisions\/857"}],"wp:featuredmedia":[{"embeddable":true,"href":"http:\/\/www.politicienmr.com\/fr\/wp-json\/wp\/v2\/media\/853"}],"wp:attachment":[{"href":"http:\/\/www.politicienmr.com\/fr\/wp-json\/wp\/v2\/media?parent=852"}],"wp:term":[{"taxonomy":"category","embeddable":true,"href":"http:\/\/www.politicienmr.com\/fr\/wp-json\/wp\/v2\/categories?post=852"},{"taxonomy":"post_tag","embeddable":true,"href":"http:\/\/www.politicienmr.com\/fr\/wp-json\/wp\/v2\/tags?post=852"}],"curies":[{"name":"wp","href":"https:\/\/api.w.org\/{rel}","templated":true}]}}